{"id":2178,"date":"2022-09-20T22:42:07","date_gmt":"2022-09-20T21:42:07","guid":{"rendered":"https:\/\/wolfgangs50ster.de\/?p=2178"},"modified":"2024-12-11T22:04:17","modified_gmt":"2024-12-11T21:04:17","slug":"filou","status":"publish","type":"post","link":"https:\/\/wolfgangs50ster.de\/?p=2178","title":{"rendered":"Filou"},"content":{"rendered":"\n<p><strong>Leider mussten wir von unserem Freund am 19. September 2022 Abschied nehmen. Wenn man \u00fcber 12 Jahre so innig zusammen lebt, dann f\u00e4llt das m\u00e4chtig schwer. Aber vielleicht wird es etwas einfacher, wenn man an die vielen sch\u00f6nen Momente zur\u00fcck denkt. Hier ein paar davon:<\/strong><\/p>\n\n\n\n<figure class=\"wp-block-image size-full is-resized\"><a href=\"https:\/\/wolfgangs50ster.de\/wp-content\/uploads\/2022\/09\/grafik-2.png\"><img loading=\"lazy\" decoding=\"async\" src=\"https:\/\/wolfgangs50ster.de\/wp-content\/uploads\/2022\/09\/grafik-2.png\" alt=\"\" class=\"wp-image-2182\" width=\"172\" height=\"164\"\/><\/a><figcaption>Morgen<\/figcaption><\/figure>\n\n\n\n<figure class=\"wp-block-image size-full is-resized\"><a href=\"https:\/\/wolfgangs50ster.de\/wp-content\/uploads\/2022\/09\/grafik-3.png\"><img loading=\"lazy\" decoding=\"async\" src=\"https:\/\/wolfgangs50ster.de\/wp-content\/uploads\/2022\/09\/grafik-3.png\" alt=\"\" class=\"wp-image-2183\" width=\"174\" height=\"166\"\/><\/a><figcaption>Mittag<\/figcaption><\/figure>\n\n\n\n<figure class=\"wp-block-image size-full is-resized\"><a href=\"https:\/\/wolfgangs50ster.de\/wp-content\/uploads\/2022\/09\/grafik-4.png\"><img loading=\"lazy\" decoding=\"async\" src=\"https:\/\/wolfgangs50ster.de\/wp-content\/uploads\/2022\/09\/grafik-4.png\" alt=\"\" class=\"wp-image-2184\" width=\"200\" height=\"174\"\/><\/a><figcaption>Abend<\/figcaption><\/figure>\n\n\n\n<figure class=\"wp-block-image size-full is-resized\"><a href=\"https:\/\/wolfgangs50ster.de\/wp-content\/uploads\/2022\/09\/grafik-5.png\"><img loading=\"lazy\" decoding=\"async\" src=\"https:\/\/wolfgangs50ster.de\/wp-content\/uploads\/2022\/09\/grafik-5.png\" alt=\"\" class=\"wp-image-2185\" width=\"239\" height=\"232\"\/><\/a><figcaption>Nacht<\/figcaption><\/figure>\n\n\n\n<h1 class=\"wp-block-heading\">Morgen<\/h1>\n\n\n\n<p>Wer sucht sich eigentlich wen aus? F\u00fcr mich ganz klar: der Hund seine Familie. Als wir Susanne Ende 2009 besuchten und sie uns dann sagte, dass sie einen \u201aWurf\u2018 zu Hause hat, war nat\u00fcrlich klar, dass wir einen Blick darauf werfen mussten. Wir trugen uns schon lange mit dem Gedanken, einen Hund bei uns aufzunehmen und hatten uns auch schon bei Denia-Dogs einige potentielle neue Freunde angesehen, allerdings nicht mit durchschlagendem Erfolg. Irgendwie kam bei den Treffen kein rechtes Interesse f\u00fcreinander auf. Naja, vielleicht klappt das ja mit einem aus diesem Wurf. Mal sehen. <\/p>\n\n\n\n<p>Und tats\u00e4chlich: von den wuseligen und so absolut putzigen Welpen, eine Mischung aus Briard, Cocker Spaniel und Border Collie, die am 09. November 2009 geboren waren, war einer ganz besonders zug\u00e4nglich, kam zu mir, rollte sich bei mir ein und wagte dann auch gleich ein kleines Schl\u00e4fchen w\u00e4hrend seine Br\u00fcder und Schwestern eher mit sich besch\u00e4ftigt waren. Dass er mir beim Aufwachen auch gleich auf die Hose pieselte konnten wir gelassen nehmen. Auf der R\u00fcckfahrt fanden wir schnell einen geeigneten Namen. Filou ist \u00e4u\u00dferst passend. Susanne hatte Filou und seine Geschwister wunderbar vorbereitet und am 16. Januar 2010 holten wir ihn ab und nahmen Filou mit nach Hause in sein neues Heim.<\/p>\n\n\n\n<p>Und nat\u00fcrlich braucht es eine geduldige Eingew\u00f6hnung. Es gibt viel zu erkunden und nat\u00fcrlich auch stubenrein zu werden. Daf\u00fcr ist Kerstin in den ersten Wochenn andauernd auch Nachts aufgestanden, hat ihn drau\u00dfen in den Schnee gestellt und geduldig gewartet bis unter ihm ein kleines gelbes Loch im wei\u00dfen Schnee entstanden ist. Bis auf ganz wenige Versehen ist das in den n\u00e4chsten 12 Jahren echt gut gegangen. <\/p>\n\n\n\n<p>Schon relativ kurz nach seinem Einzug wurde Filou das erste Mal krank. Da waren wir zun\u00e4chst ein wenig hilflos &#8211; insbesondere wenn er auf dem Teppich lag und am ganzen K\u00f6rper schlotterte. Nach ein paar Tagen wurde es mit Hilfe unserer Tier\u00e4rztin dann besser und der Durchfall verschwand auch wieder und f\u00fcr die n\u00e4chsten Jahre hatten wir Ruhe. Filou konnte jetzt so richtig in seine Pubert\u00e4t einsteigen und uns manchmal mit seinen Flausen den Nerv rauben um uns im n\u00e4chsten Moment mit seinen braunen Knopfaugen unschuldig anzuhimmeln. <\/p>\n\n\n\n<p>Eines der denkw\u00fcrdigsten Ereignisse war, als ich eines sehr fr\u00fchen Morgens mit Filou drau\u00dfen war. Nachdem er mit seinem Gesch\u00e4ft fertig war gingen wir wieder leise rein und ich schrieb ein kleines Zettelchen und legte es in die Diele , damit Kerstin, wenn sie aufsteht, erf\u00e4hrt, dass ich eine Runde mit dem Motorrad drehe. Als Kerstin aufwacht und nach mir ruft, holt Filou vorsichtig meinen Zettel, bringt ihn an ihr Bett und schaut sie ganz stolz an.<\/p>\n\n\n\n<p>Er ist bei uns endg\u00fcltig angekommen.<\/p>\n\n\n\n<h1 class=\"wp-block-heading\">Mittag<\/h1>\n\n\n\n<p>Was f\u00fcr ein Spa\u00df wenn wir durch den Garten jagen oder Versteck spielen. Neben den \u00fcblichen Kommandos wie Sitz, Bleib, Platz, Komm versuchen wir uns auch an &#8218;Untersuchung&#8216; um jede Stelle an ihm inspizieren und unter Umst\u00e4nden etwas tun zu k\u00f6nnen wie Zecken ziehen oder eine kleine Verletzung zu behandeln. Manchmal tritt er sich einen Splitter in die Pfote und er l\u00e4\u00dft sich ganz geduldig helfen, auch wenn es mal echt schmerzhaft und unangenehm ist.<\/p>\n\n\n\n<p>In der Hundeschule wird gemeinsam flei\u00dfig trainiert und Filou macht sich echt gut. Irgendwann klappt alles problemlos und wir k\u00f6nnen zum Tagesgesch\u00e4ft \u00fcber gehen. Kerstin dreht in der Woche morgens mit ihm ihre Runden, Philip macht mit Filou nach der Schule lange Spazierg\u00e4nge \u00fcber den Auberg und ich bin am Wochenende dran. Und was man alles so zu sehen bekommt, wenn man fr\u00fch raus geht und durch Felder, W\u00e4lder und Auen stromert. Dabei bleibt er auch ohne Leine immer auf dem Weg. Manchmal findet er Stellen am Wegesrand die ihn besonders interessieren und er schn\u00fcffelt gedankenverloren bis er irgendwann bemerkt, dass wir schon wieder ein ordentliches St\u00fcck weiter gelaufen sind. Wie ein Blitz holt er dann unseren Vorsprung wieder auf.<\/p>\n\n\n\n<p>Bei manchen Spazierg\u00e4ngen l\u00e4uft er ein gutes St\u00fcck voraus. Gelegentlich verstecken wir uns dann hinter B\u00e4umen oder in Einfahrten bis Filou bemerkt, dass wir &#8218;verschwunden&#8216; sind. Dann kommt er zur\u00fcck gewetzt und hat sichtlich Spa\u00df daran, uns aufzusp\u00fcren. Im Laufe der Zeit l\u00e4uft er nicht mehr ganz so weit voraus und dreht sich nach rund 30 Schritten nach uns um um sicher zu stellen, dass wir ihm nicht schon wieder abhauen.<\/p>\n\n\n\n<p>Ganz kirre macht ihn, wenn Philip an einer Weggabelung links weiter geht und Kerstin und ich rechts abbiegen. Dann rast er von einem zum anderen und versucht uns wieder zusammen zu treiben. <\/p>\n\n\n\n<figure class=\"wp-block-image size-large is-resized\"><a href=\"https:\/\/wolfgangs50ster.de\/wp-content\/uploads\/2022\/09\/20140711194208_0001-scaled.jpg\"><img loading=\"lazy\" decoding=\"async\" src=\"https:\/\/wolfgangs50ster.de\/wp-content\/uploads\/2022\/09\/20140711194208_0001-1024x678.jpg\" alt=\"\" class=\"wp-image-2195\" width=\"471\" height=\"311\" srcset=\"https:\/\/wolfgangs50ster.de\/wp-content\/uploads\/2022\/09\/20140711194208_0001-1024x678.jpg 1024w, https:\/\/wolfgangs50ster.de\/wp-content\/uploads\/2022\/09\/20140711194208_0001-300x199.jpg 300w, https:\/\/wolfgangs50ster.de\/wp-content\/uploads\/2022\/09\/20140711194208_0001-768x509.jpg 768w, https:\/\/wolfgangs50ster.de\/wp-content\/uploads\/2022\/09\/20140711194208_0001-1536x1017.jpg 1536w, https:\/\/wolfgangs50ster.de\/wp-content\/uploads\/2022\/09\/20140711194208_0001-2048x1356.jpg 2048w\" sizes=\"auto, (max-width: 471px) 100vw, 471px\" \/><\/a><figcaption>Und wieso darf ich nicht die Schlappen mitnehmen?<\/figcaption><\/figure>\n\n\n\n<p>Manchmal sind wir erstaunt \u00fcber seine merkw\u00fcrdigen Vorlieben. Wenn wir manchmal unterwegs sind und Filou unten bei meinen Eltern &#8218;geparkt&#8216; haben, dann l\u00e4uft er irgendwann nach oben und holt vorsichtig Kerstins Schlappen, legt ihn unter den Wohnzimmertisch und sich mit der Schnauze darauf. Fast wie ein Erinnerungsst\u00fcck. Auf die Frage: &#8222;und wo ist der andere?&#8220; steht er auf und holt den zweiten Schlappen. Man kann sich vorstellen: wir sind hin und weg.<\/p>\n\n\n\n<p>\u00dcberhaupt geht das mit Oma und Opa sehr gut. Die Wiedersehensfreude kennt keine Grenzen, selbst wenn Oma und Opa erst vor wenigen Minuten schon mal da waren und gerne geht er mit ihnen runter und bleibt ein paar Stunden bei ihnen. Wenn wir mal ohne ihn im Urlaub waren funktioniert das auch tadellos. Abends, nach seiner letzten Runde l\u00e4uft er dann selbstst\u00e4ndig nach oben und legt sich dort ins K\u00f6rbchen. <\/p>\n\n\n\n<figure class=\"wp-block-image size-large\"><a href=\"https:\/\/wolfgangs50ster.de\/wp-content\/uploads\/2022\/09\/20110811161024_0138s-1-scaled.jpg\"><img loading=\"lazy\" decoding=\"async\" width=\"1024\" height=\"675\" src=\"https:\/\/wolfgangs50ster.de\/wp-content\/uploads\/2022\/09\/20110811161024_0138s-1-1024x675.jpg\" alt=\"\" class=\"wp-image-2201\" srcset=\"https:\/\/wolfgangs50ster.de\/wp-content\/uploads\/2022\/09\/20110811161024_0138s-1-1024x675.jpg 1024w, https:\/\/wolfgangs50ster.de\/wp-content\/uploads\/2022\/09\/20110811161024_0138s-1-300x198.jpg 300w, https:\/\/wolfgangs50ster.de\/wp-content\/uploads\/2022\/09\/20110811161024_0138s-1-768x506.jpg 768w, https:\/\/wolfgangs50ster.de\/wp-content\/uploads\/2022\/09\/20110811161024_0138s-1-1536x1012.jpg 1536w, https:\/\/wolfgangs50ster.de\/wp-content\/uploads\/2022\/09\/20110811161024_0138s-1-2048x1350.jpg 2048w\" sizes=\"auto, (max-width: 1024px) 100vw, 1024px\" \/><\/a><figcaption>Lange Spazierg\u00e4nge mit Philip<\/figcaption><\/figure>\n\n\n\n<figure class=\"wp-block-image size-large is-resized\"><a href=\"https:\/\/wolfgangs50ster.de\/wp-content\/uploads\/2022\/09\/20100908164704_0127.jpg\"><img loading=\"lazy\" decoding=\"async\" src=\"https:\/\/wolfgangs50ster.de\/wp-content\/uploads\/2022\/09\/20100908164704_0127-768x1024.jpg\" alt=\"\" class=\"wp-image-2202\" width=\"379\" height=\"505\" srcset=\"https:\/\/wolfgangs50ster.de\/wp-content\/uploads\/2022\/09\/20100908164704_0127-768x1024.jpg 768w, https:\/\/wolfgangs50ster.de\/wp-content\/uploads\/2022\/09\/20100908164704_0127-225x300.jpg 225w, https:\/\/wolfgangs50ster.de\/wp-content\/uploads\/2022\/09\/20100908164704_0127-1152x1536.jpg 1152w, https:\/\/wolfgangs50ster.de\/wp-content\/uploads\/2022\/09\/20100908164704_0127-1536x2048.jpg 1536w, https:\/\/wolfgangs50ster.de\/wp-content\/uploads\/2022\/09\/20100908164704_0127.jpg 1658w\" sizes=\"auto, (max-width: 379px) 100vw, 379px\" \/><\/a><figcaption>Danke f\u00fcrs Mitnehmen! K\u00fc\u00dfchen!<\/figcaption><\/figure>\n\n\n<div class=\"wp-block-image\">\n<figure class=\"alignright size-large is-resized\"><a href=\"https:\/\/wolfgangs50ster.de\/wp-content\/uploads\/2022\/09\/20110605161206_0007-scaled.jpg\"><img loading=\"lazy\" decoding=\"async\" src=\"https:\/\/wolfgangs50ster.de\/wp-content\/uploads\/2022\/09\/20110605161206_0007-678x1024.jpg\" alt=\"\" class=\"wp-image-2193\" width=\"328\" height=\"495\" srcset=\"https:\/\/wolfgangs50ster.de\/wp-content\/uploads\/2022\/09\/20110605161206_0007-678x1024.jpg 678w, https:\/\/wolfgangs50ster.de\/wp-content\/uploads\/2022\/09\/20110605161206_0007-199x300.jpg 199w, https:\/\/wolfgangs50ster.de\/wp-content\/uploads\/2022\/09\/20110605161206_0007-768x1160.jpg 768w, https:\/\/wolfgangs50ster.de\/wp-content\/uploads\/2022\/09\/20110605161206_0007-1017x1536.jpg 1017w, https:\/\/wolfgangs50ster.de\/wp-content\/uploads\/2022\/09\/20110605161206_0007-1356x2048.jpg 1356w, https:\/\/wolfgangs50ster.de\/wp-content\/uploads\/2022\/09\/20110605161206_0007-scaled.jpg 1696w\" sizes=\"auto, (max-width: 328px) 100vw, 328px\" \/><\/a><figcaption>Wo gehen wir als n\u00e4chstes hin?<\/figcaption><\/figure><\/div>\n\n\n<p>Im Laufe der Zeit entwickeln sich aber auch Marotten. So jagt er gerne Tauben nach die im Garten schon mal eine Zwischenlandung machen. Schon beim Wort &#8218;Taube&#8216; springt er auf und sprintet in den Garten. <\/p>\n\n\n\n<p>Gegen\u00fcber Zeitungs- oder Postboten verschaffte Filou sich lautstarken Respekt. Da will man lieber nicht auf den Hof kommen. Ist man einmal unbemerkt bis zum Tisch gekommen, dann geht das auch problemlos. Besonders beliebt bei unseren Zustellern ist es, wenn sie einen Brief in den Briefschlitz an unserer stra\u00dfenseitigen Haust\u00fcre einschieben. Wenn Filou bereits auf der anderen Seite steht, dann rei\u00dft er f\u00f6rmlich den Postboten den Brief aus der Hand und l\u00e4uft zu uns um die Beute abzuliefern. Manchmal sagen wir dann auch &#8218;bring Opa&#8216; und er stellt die Post zuverl\u00e4ssig zu. Lediglich ein paar mal macht er sich \u00fcber Werbung her ansonsten behandelt er die Briefe eher pfleglich und besonders vorsichtig war er mit Philips Lehrvertrag. Da schien er geahnt zu haben, dass das ein sehr wichtiges Dokument war.<\/p>\n\n\n\n<figure class=\"wp-block-image size-large is-resized\"><a href=\"https:\/\/wolfgangs50ster.de\/wp-content\/uploads\/2022\/09\/20110608150112_0035s.jpg\"><img loading=\"lazy\" decoding=\"async\" src=\"https:\/\/wolfgangs50ster.de\/wp-content\/uploads\/2022\/09\/20110608150112_0035s-1024x975.jpg\" alt=\"\" class=\"wp-image-2194\" width=\"370\" height=\"351\" srcset=\"https:\/\/wolfgangs50ster.de\/wp-content\/uploads\/2022\/09\/20110608150112_0035s-1024x975.jpg 1024w, https:\/\/wolfgangs50ster.de\/wp-content\/uploads\/2022\/09\/20110608150112_0035s-300x286.jpg 300w, https:\/\/wolfgangs50ster.de\/wp-content\/uploads\/2022\/09\/20110608150112_0035s-768x731.jpg 768w, https:\/\/wolfgangs50ster.de\/wp-content\/uploads\/2022\/09\/20110608150112_0035s-1536x1462.jpg 1536w, https:\/\/wolfgangs50ster.de\/wp-content\/uploads\/2022\/09\/20110608150112_0035s-2048x1949.jpg 2048w\" sizes=\"auto, (max-width: 370px) 100vw, 370px\" \/><\/a><figcaption>Ich passe hier auf!<\/figcaption><\/figure>\n\n\n\n<p>Wenn es an der Haust\u00fcre klingelte, dann brach die H\u00f6lle los und manchmal konnte sich Filou auch gar nicht mehr beruhigen. Das konnte dann auch schon mal ziemlich nervig werden und wir \u00fcberlegten, wie wir das in Griff kriegen k\u00f6nnen. Auf der anderen Seite ist so eine zuverl\u00e4ssige Alarmanlage auch keine schlechte Angelegenheit.<\/p>\n\n\n\n<p>Im Laufe der Laufe der Jahre kommen immer mehr Spielchen und Kommandos dazu. Auch sehr beliebt war &#8218;Baum klettern&#8216;. Kaum ausgesprochen balancierte Filou auf umgefallenen Baumst\u00e4mmen und setzte sich manchmal auch fotogen in Pose.<\/p>\n\n\n\n<figure class=\"wp-block-image size-large is-resized\"><a href=\"https:\/\/wolfgangs50ster.de\/wp-content\/uploads\/2022\/09\/20110425074800-scaled.jpg\"><img loading=\"lazy\" decoding=\"async\" src=\"https:\/\/wolfgangs50ster.de\/wp-content\/uploads\/2022\/09\/20110425074800-1024x768.jpg\" alt=\"\" class=\"wp-image-2198\" width=\"315\" height=\"236\" srcset=\"https:\/\/wolfgangs50ster.de\/wp-content\/uploads\/2022\/09\/20110425074800-1024x768.jpg 1024w, https:\/\/wolfgangs50ster.de\/wp-content\/uploads\/2022\/09\/20110425074800-300x225.jpg 300w, https:\/\/wolfgangs50ster.de\/wp-content\/uploads\/2022\/09\/20110425074800-768x576.jpg 768w, https:\/\/wolfgangs50ster.de\/wp-content\/uploads\/2022\/09\/20110425074800-1536x1152.jpg 1536w, https:\/\/wolfgangs50ster.de\/wp-content\/uploads\/2022\/09\/20110425074800-2048x1536.jpg 2048w\" sizes=\"auto, (max-width: 315px) 100vw, 315px\" \/><\/a><figcaption>Spazierg\u00e4nge mit Klettereinlage<\/figcaption><\/figure>\n\n\n\n<p>Nat\u00fcrlich geh\u00f6rt eine gewisse Ordnung auch zum Alltag und da Menschen etwas lauffaul sind, haben wir so manches an Filou delegiert. Und das fing morgens mit &#8218;hol dein Halsband&#8216; an und h\u00f6rte Abends mit &#8218;bring weg&#8216; wieder auf. Zuverl\u00e4ssig trabte er los und brachte sein gel\u00f6stes Halsband von der K\u00fcche ins Wohnzimmer und legte es dort auf die Stufe zum Balkon. Das war auf jeden Fall ein guter Grund f\u00fcr ein Leckerchen. Wenn das Halsband manchmal wieder von der Stufe runter rutschte dann versuchte er es ein zweites Mal. Manchmal war ihm das aber auch ein wenig zu viel und er legte es einfach auf halbem Weg im Wohnzimmer oder direkt vor der Stufe ab.<\/p>\n\n\n\n<p>Oder wenn ich nach Hause kam und die Beifahrert\u00fcr \u00f6ffnete, dann  sprang er vor den Beifahrersitz und lie\u00df sich mit Begeisterung bis in die Garage fahren. \u00dcberhaupt: mitfahren schien eine Leidenschaft zu sein: Denn bei mancher Gartenarbeit mussten wir pausieren weil sich Filou unbedingt mit der Schubkarre durch die Gegend fahren lie\u00df.<\/p>\n\n\n\n<p>Nat\u00fcrlich sind wir auch gemeinsam in den Urlaub gefahren. Alle paar Stunden hielten wir an, lie\u00dfen ihn f\u00fcr eine Entspannungsrunde aus der Box im Kofferraum und setzten nach einer Pause die Fahrt fort. So besuchten wir gemeinsam L\u00fcbeck, Teterow, Berlin-Spreewald, Dresden und viele andere sch\u00f6ne Orte und verbrachten wunderbare Zeiten.<\/p>\n\n\n\n<h1 class=\"wp-block-heading\">Abend<\/h1>\n\n\n\n<p>Filou wird 2019 ernsthaft krank. Die Bauchspeicheldr\u00fcse macht Probleme, er fri\u00dft nicht mehr richtig , aber erholt sich mit Medikamentenunterst\u00fctzung wieder einigerma\u00dfen. Trotzdem ist er nicht mehr der \u201ajunge\u2018. Wir beide gehen im Fr\u00fchjahr 2020 Nachmittags spazieren und laufen den Mintarder Berg bis zu den gro\u00dfen Steinen auf der Wiese hinauf. Und ich bemerke das erste Mal, dass er diesen Weg bergauf kaum noch schafft &#8211; davon abgesehen, dass normalerweise ich derjenige bin, der die Steigung m\u00fchselig hinauf schnauft. Wir ruhen uns an diesem sonnigen Tag im April lange auf den Steinen aus und treten ganz langsam in aller Gem\u00fctlichkeit den Heimweg an. Ich war nie wieder dort.<\/p>\n\n\n\n<figure class=\"wp-block-image size-full\"><a href=\"https:\/\/wolfgangs50ster.de\/wp-content\/uploads\/2022\/09\/grafik-6.png\"><img loading=\"lazy\" decoding=\"async\" width=\"457\" height=\"609\" src=\"https:\/\/wolfgangs50ster.de\/wp-content\/uploads\/2022\/09\/grafik-6.png\" alt=\"\" class=\"wp-image-2186\" srcset=\"https:\/\/wolfgangs50ster.de\/wp-content\/uploads\/2022\/09\/grafik-6.png 457w, https:\/\/wolfgangs50ster.de\/wp-content\/uploads\/2022\/09\/grafik-6-225x300.png 225w\" sizes=\"auto, (max-width: 457px) 100vw, 457px\" \/><\/a><figcaption>Wie geniessen die Pause<\/figcaption><\/figure>\n\n\n\n<p>Die Spazierg\u00e4nge werden k\u00fcrzer und das Toben im Garten oder die Jagd um ein stibitztes Blatt wird gem\u00e4chlicher und f\u00e4llt schlie\u00dflich ganz aus.  Oft verbringt Filou viele Stunden neben meinem Vater auf der Bank vor dem Gartenh\u00e4uschen und geht langsam ins Haus um sich lange zum Schlafen unter den Wohnzimmertisch zu legen. <\/p>\n\n\n\n<p>Im Herbst 2020 fahren wir gemeinsam in den Urlaub und verbringen zwei sch\u00f6ne Wochen im Spreewald, Seiffen, Dresden, Oberlochm\u00fchle, Wernigerrode und Hameln. Manche Spazierg\u00e4nge scheinen Filou deutlich schwerer zu fallen und statt munter voraus zu laufen bemerken wir, dass er immer \u00f6fter eher m\u00fcde hinter uns her geht.<\/p>\n\n\n\n<figure class=\"wp-block-image size-full is-resized\"><a href=\"https:\/\/wolfgangs50ster.de\/wp-content\/uploads\/2022\/09\/20201005115000_0001.jpg\"><img loading=\"lazy\" decoding=\"async\" src=\"https:\/\/wolfgangs50ster.de\/wp-content\/uploads\/2022\/09\/20201005115000_0001.jpg\" alt=\"\" class=\"wp-image-2189\" width=\"290\" height=\"387\" srcset=\"https:\/\/wolfgangs50ster.de\/wp-content\/uploads\/2022\/09\/20201005115000_0001.jpg 768w, https:\/\/wolfgangs50ster.de\/wp-content\/uploads\/2022\/09\/20201005115000_0001-225x300.jpg 225w\" sizes=\"auto, (max-width: 290px) 100vw, 290px\" \/><\/a><figcaption>Auf der Spree<\/figcaption><\/figure>\n\n\n\n<figure class=\"wp-block-image size-large\"><a href=\"https:\/\/wolfgangs50ster.de\/wp-content\/uploads\/2022\/09\/20201013161147_0017-scaled.jpg\"><img loading=\"lazy\" decoding=\"async\" width=\"1024\" height=\"768\" src=\"https:\/\/wolfgangs50ster.de\/wp-content\/uploads\/2022\/09\/20201013161147_0017-1024x768.jpg\" alt=\"\" class=\"wp-image-2191\" srcset=\"https:\/\/wolfgangs50ster.de\/wp-content\/uploads\/2022\/09\/20201013161147_0017-1024x768.jpg 1024w, https:\/\/wolfgangs50ster.de\/wp-content\/uploads\/2022\/09\/20201013161147_0017-300x225.jpg 300w, https:\/\/wolfgangs50ster.de\/wp-content\/uploads\/2022\/09\/20201013161147_0017-768x576.jpg 768w, https:\/\/wolfgangs50ster.de\/wp-content\/uploads\/2022\/09\/20201013161147_0017-1536x1152.jpg 1536w, https:\/\/wolfgangs50ster.de\/wp-content\/uploads\/2022\/09\/20201013161147_0017-2048x1536.jpg 2048w\" sizes=\"auto, (max-width: 1024px) 100vw, 1024px\" \/><\/a><figcaption>Das tut gut!<\/figcaption><\/figure>\n\n\n\n<p>Im Herbst 2021 machen wir noch mal eine gemeinsame Woche Urlaub in der N\u00e4he von K\u00f6nigswinter. Nach ein paar Tagen brechen wir aber ab und fahren gemeinsam nach Hause. F\u00fcr Filou ist so ein Urlaub keine erholsame Zeit mehr. In den gewohnten vier W\u00e4nden ist er besser aufgehoben. Trotzdem war es sehr sch\u00f6n und wir hoffen sehr, dass das auch f\u00fcr Filou so war. Da toben und laufen eher nicht mehr angesagt ist verstecken wir abends vor dem ins Bett gehen in der Wohnung Leckerchen die Filou dann ruckzuck erschn\u00fcffelt und mit wedelndem Schwanz kaut.<\/p>\n\n\n\n<figure class=\"wp-block-image size-large is-resized\"><a href=\"https:\/\/wolfgangs50ster.de\/wp-content\/uploads\/2022\/09\/20210906190601_0005-scaled.jpg\"><img loading=\"lazy\" decoding=\"async\" src=\"https:\/\/wolfgangs50ster.de\/wp-content\/uploads\/2022\/09\/20210906190601_0005-768x1024.jpg\" alt=\"\" class=\"wp-image-2187\" width=\"352\" height=\"469\" srcset=\"https:\/\/wolfgangs50ster.de\/wp-content\/uploads\/2022\/09\/20210906190601_0005-768x1024.jpg 768w, https:\/\/wolfgangs50ster.de\/wp-content\/uploads\/2022\/09\/20210906190601_0005-225x300.jpg 225w, https:\/\/wolfgangs50ster.de\/wp-content\/uploads\/2022\/09\/20210906190601_0005-1152x1536.jpg 1152w, https:\/\/wolfgangs50ster.de\/wp-content\/uploads\/2022\/09\/20210906190601_0005-1536x2048.jpg 1536w, https:\/\/wolfgangs50ster.de\/wp-content\/uploads\/2022\/09\/20210906190601_0005-scaled.jpg 1920w\" sizes=\"auto, (max-width: 352px) 100vw, 352px\" \/><\/a><figcaption>Endlich einmal Zimmer mit Blick nach drau\u00dfen!<\/figcaption><\/figure>\n\n\n\n<figure class=\"wp-block-image size-large\"><a href=\"https:\/\/wolfgangs50ster.de\/wp-content\/uploads\/2022\/09\/PXL_20211224_134226374-scaled.jpg\"><img loading=\"lazy\" decoding=\"async\" width=\"771\" height=\"1024\" src=\"https:\/\/wolfgangs50ster.de\/wp-content\/uploads\/2022\/09\/PXL_20211224_134226374-771x1024.jpg\" alt=\"\" class=\"wp-image-2197\" srcset=\"https:\/\/wolfgangs50ster.de\/wp-content\/uploads\/2022\/09\/PXL_20211224_134226374-771x1024.jpg 771w, https:\/\/wolfgangs50ster.de\/wp-content\/uploads\/2022\/09\/PXL_20211224_134226374-226x300.jpg 226w, https:\/\/wolfgangs50ster.de\/wp-content\/uploads\/2022\/09\/PXL_20211224_134226374-768x1020.jpg 768w, https:\/\/wolfgangs50ster.de\/wp-content\/uploads\/2022\/09\/PXL_20211224_134226374-1157x1536.jpg 1157w, https:\/\/wolfgangs50ster.de\/wp-content\/uploads\/2022\/09\/PXL_20211224_134226374-1542x2048.jpg 1542w, https:\/\/wolfgangs50ster.de\/wp-content\/uploads\/2022\/09\/PXL_20211224_134226374-scaled.jpg 1928w\" sizes=\"auto, (max-width: 771px) 100vw, 771px\" \/><\/a><figcaption>Ich hoffe sehr, dass f\u00fcr mich auch etwas dabei ist&#8230;<\/figcaption><\/figure>\n\n\n\n<h1 class=\"wp-block-heading\">Nacht<\/h1>\n\n\n\n<p>Was auch immer im Mai 2021 angefangen hat: War es ein Demenzschub oder ein kleiner Schlaganfall? Schl\u00e4gt die diagnostizierte Anaplasmose auf sein Hirn? In relativ schneller Folge h\u00f6rt Filou nicht mehr auf die gewohnten und tausend Mal bem\u00fchten Kommandos wie Sitz oder Platz. Er frisst \u00fcber Wochen kaum noch, trinkt fast nicht mehr. Abends dreht er unruhig seine Runden, hinlegen und aufstehen klappt nicht mehr gut und immer h\u00e4ufiger stolpert er \u00fcber Gegenst\u00e4nde oder seine eigenen Beine. Das K\u00f6rbchen in der K\u00fcche bleibt fortan ungenutzt, lediglich das im Schlafzimmer wird ab 22:00 Uhr angesteuert. Auch wenn es an der T\u00fcre klingelt: Filou sagt keinen Ton mehr. Die Leckerchen im Wohnzimmer findet sp\u00e4ter er nicht und auf das Versteckspielen reagiert er auch nicht mehr.<\/p>\n\n\n\n<p>Alle nun folgenden Untersuchungen helfen nicht bei der Erkennung einer Ursache. Damit es wenigstens einigerma\u00dfen geht bekommt Filou zwei mal t\u00e4glich einige Tabletten als Appetitanreger und gegen Schilddr\u00fcsenprobleme in einer Leberwurstkugel. Obwohl wir teilweise lange mit ihm drau\u00dfen erfolglos unterwegs sind, erleichtert er sich manchmal direkt danach in der Wohnung.<\/p>\n\n\n\n<p>Doch irgendwann m\u00fcssen wir uns eingestehen, dass es so nicht mehr weiter geht. F\u00fcr die Leberwurstkugel macht er kaum noch die Z\u00e4hne auseinander. F\u00fcr Filou ist es schrecklich m\u00fchsam morgens aus dem K\u00f6rbchen zu kommen. Er steht in der T\u00fcre zum Schlafzimmer und zittert. Und erst recht zittert er schubweise am ganzen K\u00f6rper, wenn er mit uns auf dem Balkon steht und wir uns auf die Morgenrunde vorbereiten. Wir helfen ihm vorsichtig die Treppe hinunter und halten ihn an seinem Geschirr fest damit er nicht mit den Beinen einknickt oder tragen ihn sogar bis in den Garten. Manchmal geht es ganz z\u00fcgig, bis er pieselt und bei dem Rundgang auch noch ein H\u00e4ufchen macht. Und manchmal dauert es aber auch zwei lange Stunden bis es so weit ist. Die Abendspazierg\u00e4nge werden immer anstrengender, sowohl f\u00fcr Filou, als auch f\u00fcr uns. Auf dem Weg weg von zu Hause brauchen wir f\u00fcr ein paar dutzend Meter eine halbe Stunde, beim R\u00fcckweg springt er aber wie ein Schlittenhund ins Geschirr und zerrt mit den wenigen noch verf\u00fcgbaren Kr\u00e4ften wie ein Verr\u00fcckter. In so ziemlich jede Einfahrt zieht er hinein und stellt dann verwirrt fest, dass es \u201airgendwie\u2018 nicht nach ZuHause aussieht. Sein Futter nimmt er immer weniger an, und zuletzt locken ihn auch die Hipp-Gl\u00e4schen nicht mehr. Mittlerweile ist Filou von 21kg auf nur noch 13kg abgemagert und ist schwach und wackelig auf den Beinen. Er wedelt nicht mehr mit der Rute, ist taub, kann nicht mehr gut riechen und dreht unruhig stundenlang in der Wohnung Runden, lehnt sich an den T\u00fcrpfosten an oder dreht sich hilflos langsam um sich selbst. <\/p>\n\n\n\n<p>An manchen Tagen geht es irgendwie besser. Er trabt beim Spazierengehen neben uns her, kommt auf uns zu um uns zu begr\u00fc\u00dfen und frisst z\u00fcgig seinen Napf leer. Und trotzdem geht es kontinuierlich abw\u00e4rts.<\/p>\n\n\n\n<p>In der letzten Nacht helfe ich dem armen Kerl um halb zwei und nochmal um halb drei in der Nacht ins K\u00f6rbchen damit er sich dort ausruhen und schlafen kann.<\/p>\n\n\n\n<figure class=\"wp-block-image size-large\"><a href=\"https:\/\/wolfgangs50ster.de\/wp-content\/uploads\/2022\/09\/PXL_20220919_174908810s-scaled.jpg\"><img loading=\"lazy\" decoding=\"async\" width=\"1024\" height=\"957\" src=\"https:\/\/wolfgangs50ster.de\/wp-content\/uploads\/2022\/09\/PXL_20220919_174908810s-1024x957.jpg\" alt=\"\" class=\"wp-image-2207\" srcset=\"https:\/\/wolfgangs50ster.de\/wp-content\/uploads\/2022\/09\/PXL_20220919_174908810s-1024x957.jpg 1024w, https:\/\/wolfgangs50ster.de\/wp-content\/uploads\/2022\/09\/PXL_20220919_174908810s-300x280.jpg 300w, https:\/\/wolfgangs50ster.de\/wp-content\/uploads\/2022\/09\/PXL_20220919_174908810s-768x717.jpg 768w, https:\/\/wolfgangs50ster.de\/wp-content\/uploads\/2022\/09\/PXL_20220919_174908810s-1536x1435.jpg 1536w, https:\/\/wolfgangs50ster.de\/wp-content\/uploads\/2022\/09\/PXL_20220919_174908810s-2048x1913.jpg 2048w\" sizes=\"auto, (max-width: 1024px) 100vw, 1024px\" \/><\/a><figcaption>Ich bin so m\u00fcde<\/figcaption><\/figure>\n\n\n\n<p>Am 19. September 2022 ist es dann so weit. Er hat wieder den ganzen Tag nicht gefressen, kein H\u00e4ufchen gemacht und sogar auch noch nicht gepieselt. Bevor seine Organe versagen und alles noch schlimmer wird, rufen wir unsere Tier\u00e4rztin Sabine an und sie kommt zu uns nach Hause. Wir rufen Philip an und reden zusammen. Filou wedelt sogar kurz mit dem Schwanz.<\/p>\n\n\n\n<p>Draussen d\u00e4mmert es. Filou sitzt zwischen meinen Beinen und schaut wie Kerstin und Sabine zu uns ins Wohnzimmer reinkommen. Er ist ganz entspannt, hat keine Angst und auch keinen Stress als Sabine ihm nach einiger Zeit vorsichtig eine Spritze in den Oberschenkel gibt w\u00e4hrend Kerstin liebevoll seine Ohren krault. Nach ein paar Minuten wird er m\u00fcde, legt sich zu Kerstin auf die Decke und schl\u00e4ft friedlich, ohne Schmerzen, vollkommen ruhig und ergeben ein. Es gibt keine Nervosit\u00e4t oder Unruhe, kein sich um sich selbst drehen und auch kein Zittern. Es gibt auch kein Zur\u00fcck mehr und uns ist klar, dass eines sicherlich nicht passieren wird, selbst wenn wir jetzt noch einen R\u00fcckzieher machen: es wird nicht besser werden.<\/p>\n\n\n\n<p>Schlie\u00dflich gibt Sabine ihm noch zwei Spritzen. Wir liegen die ganze Zeit bei ihm, sprechen mit ihm und uns und Kerstin streichelt Filou vorsichtig \u00fcber den Kopf. Schlie\u00dflich atmet er noch ein paar Mal tief ein und sein Herz bleibt endg\u00fcltig stehen. Es ist viertel nach Acht am Abend. Ich \u00f6ffne leise die Balkont\u00fcre, lasse Filous Seele hinaus damit er zu meinem Vater und seinen Geschwistern kann und etwas frische Luft hinein. Drau\u00dfen ist es ganz still und zwischen den Wolken vor meinen Augen und am Himmel sehe ich in einer L\u00fccke einen einzelnen Stern. <\/p>\n\n\n\n<p>Wir sprechen noch ein paar Minuten miteinander, streicheln ihn ein letztes Mal, dann legen wir Filou behutsam in seine blaue Decke und Sabine und ich tragen ihn langsam nach unten in Sabines Auto. Dort legen wir ihn vorsichtig hin, f\u00fchlen ein allerletztes Mal sein seidenweiches und glattes Fell und seine puscheligen Ohren.<\/p>\n\n\n\n<p>Filou geht jetzt seinen eigenen letzten Weg und wir sind nicht nur an diesem, sondern auch an den folgenden Abenden furchtbar traurig. <\/p>\n\n\n\n<p>Unser Freund fehlt uns sehr. <\/p>\n\n\n\n<p>Immer.<\/p>\n","protected":false},"excerpt":{"rendered":"<p>Leider mussten wir von unserem Freund am 19. September 2022 Abschied nehmen. Wenn man \u00fcber 12 Jahre so innig zusammen lebt, dann f\u00e4llt das m\u00e4chtig schwer. Aber vielleicht wird es etwas einfacher, wenn man an die vielen sch\u00f6nen Momente zur\u00fcck denkt. Hier ein paar davon: Morgen Wer sucht sich eigentlich wen aus? F\u00fcr mich ganz &hellip; <a href=\"https:\/\/wolfgangs50ster.de\/?p=2178\" class=\"more-link\"><span class=\"screen-reader-text\">Filou<\/span> weiterlesen <span class=\"meta-nav\">&rarr;<\/span><\/a><\/p>\n","protected":false},"author":1,"featured_media":0,"comment_status":"open","ping_status":"closed","sticky":false,"template":"","format":"standard","meta":{"footnotes":""},"categories":[12],"tags":[],"class_list":["post-2178","post","type-post","status-publish","format-standard","hentry","category-familie"],"_links":{"self":[{"href":"https:\/\/wolfgangs50ster.de\/index.php?rest_route=\/wp\/v2\/posts\/2178","targetHints":{"allow":["GET"]}}],"collection":[{"href":"https:\/\/wolfgangs50ster.de\/index.php?rest_route=\/wp\/v2\/posts"}],"about":[{"href":"https:\/\/wolfgangs50ster.de\/index.php?rest_route=\/wp\/v2\/types\/post"}],"author":[{"embeddable":true,"href":"https:\/\/wolfgangs50ster.de\/index.php?rest_route=\/wp\/v2\/users\/1"}],"replies":[{"embeddable":true,"href":"https:\/\/wolfgangs50ster.de\/index.php?rest_route=%2Fwp%2Fv2%2Fcomments&post=2178"}],"version-history":[{"count":10,"href":"https:\/\/wolfgangs50ster.de\/index.php?rest_route=\/wp\/v2\/posts\/2178\/revisions"}],"predecessor-version":[{"id":2425,"href":"https:\/\/wolfgangs50ster.de\/index.php?rest_route=\/wp\/v2\/posts\/2178\/revisions\/2425"}],"wp:attachment":[{"href":"https:\/\/wolfgangs50ster.de\/index.php?rest_route=%2Fwp%2Fv2%2Fmedia&parent=2178"}],"wp:term":[{"taxonomy":"category","embeddable":true,"href":"https:\/\/wolfgangs50ster.de\/index.php?rest_route=%2Fwp%2Fv2%2Fcategories&post=2178"},{"taxonomy":"post_tag","embeddable":true,"href":"https:\/\/wolfgangs50ster.de\/index.php?rest_route=%2Fwp%2Fv2%2Ftags&post=2178"}],"curies":[{"name":"wp","href":"https:\/\/api.w.org\/{rel}","templated":true}]}}